{"id":6895,"date":"2019-09-26T19:11:51","date_gmt":"2019-09-26T17:11:51","guid":{"rendered":"http:\/\/www.gisela-weigand.de\/?p=6895"},"modified":"2019-09-26T19:13:07","modified_gmt":"2019-09-26T17:13:07","slug":"feldenkrais-workshop-fuer-die-augen","status":"publish","type":"post","link":"https:\/\/www.gisela-weigand.de\/index.php\/intensivworkshop\/feldenkrais-workshop-fuer-die-augen\/","title":{"rendered":"Feldenkrais Workshop f\u00fcr die Augen"},"content":{"rendered":"<p>Am <strong>07. Dezember 2019<\/strong> findet von 11.00 &#8211; 16.00 Uhr ein Feldenkrais <strong>Workshop f\u00fcr Augen<\/strong>, K\u00f6rpermuskulatur &amp; Seele statt. Veranstaltungsort ist das Studio f\u00fcr Feldenkrais &amp; Stimme in der <strong>K\u00f6lner S\u00fcdstadt<\/strong>. Das Thema lautet &#8222;bewegte Ruhe &#8211; klar sehen&#8220;.<\/p>\n<p><a href=\"https:\/\/www.gisela-weigand.de\/index.php\/terminangebot\/workshops\/feldenkrais-stimme-koerpertheater-koeln\/\" target=\"_blank\" rel=\"noopener\">Mehr Info &amp; Anmeldung hier<\/a><\/p>","protected":false},"excerpt":{"rendered":"<p>Am 07. Dezember 2019 findet von 11.00 &#8211; 16.00 Uhr ein Feldenkrais Workshop f\u00fcr Augen, K\u00f6rpermuskulatur &amp; Seele statt. Veranstaltungsort ist das Studio f\u00fcr Feldenkrais &amp; Stimme in der K\u00f6lner S\u00fcdstadt. Das Thema lautet &#8222;bewegte Ruhe &#8211; klar sehen&#8220;. Mehr Info &amp; Anmeldung hier<\/p>\n","protected":false},"author":2,"featured_media":0,"comment_status":"closed","ping_status":"closed","sticky":false,"template":"","format":"standard","meta":{"footnotes":""},"categories":[25],"tags":[81,80,82],"class_list":["post-6895","post","type-post","status-publish","format-standard","hentry","category-intensivworkshop","tag-ausgleich-der-koerpermuskulatur","tag-feldenkrais-fuer-die-augen","tag-naehrstoff-fuer-die-seele"],"wps_subtitle":"Bewegte Ruhe | klar Sehen","_links":{"self":[{"href":"https:\/\/www.gisela-weigand.de\/index.php\/wp-json\/wp\/v2\/posts\/6895","targetHints":{"allow":["GET"]}}],"collection":[{"href":"https:\/\/www.gisela-weigand.de\/index.php\/wp-json\/wp\/v2\/posts"}],"about":[{"href":"https:\/\/www.gisela-weigand.de\/index.php\/wp-json\/wp\/v2\/types\/post"}],"author":[{"embeddable":true,"href":"https:\/\/www.gisela-weigand.de\/index.php\/wp-json\/wp\/v2\/users\/2"}],"replies":[{"embeddable":true,"href":"https:\/\/www.gisela-weigand.de\/index.php\/wp-json\/wp\/v2\/comments?post=6895"}],"version-history":[{"count":3,"href":"https:\/\/www.gisela-weigand.de\/index.php\/wp-json\/wp\/v2\/posts\/6895\/revisions"}],"predecessor-version":[{"id":6898,"href":"https:\/\/www.gisela-weigand.de\/index.php\/wp-json\/wp\/v2\/posts\/6895\/revisions\/6898"}],"wp:attachment":[{"href":"https:\/\/www.gisela-weigand.de\/index.php\/wp-json\/wp\/v2\/media?parent=6895"}],"wp:term":[{"taxonomy":"category","embeddable":true,"href":"https:\/\/www.gisela-weigand.de\/index.php\/wp-json\/wp\/v2\/categories?post=6895"},{"taxonomy":"post_tag","embeddable":true,"href":"https:\/\/www.gisela-weigand.de\/index.php\/wp-json\/wp\/v2\/tags?post=6895"}],"curies":[{"name":"wp","href":"https:\/\/api.w.org\/{rel}","templated":true}]}}