{"id":6335,"date":"2017-09-18T12:36:18","date_gmt":"2017-09-18T10:36:18","guid":{"rendered":"http:\/\/www.gisela-weigand.de\/?p=6335"},"modified":"2018-07-13T15:57:12","modified_gmt":"2018-07-13T13:57:12","slug":"workshop-feldenkrais-stimmentfaltung","status":"publish","type":"post","link":"https:\/\/www.gisela-weigand.de\/index.php\/intensivworkshop\/workshop-feldenkrais-stimmentfaltung\/","title":{"rendered":"Feldenkrais &#038; Stimmentfaltung"},"content":{"rendered":"<p><strong>&#8222;Fr\u00f6hliche F\u00fc\u00dfe, Gehirne und Stimmen&#8220;<\/strong> erleben Sie am <strong>21. Oktober 2017<\/strong> von 11.00 &#8211; 16.00 Uhr in einem <strong>Workshop mit Feldenkrais und Stimmentfaltung <\/strong>u.a. nach der Lichtenberger Methode. Der Workshop findet in der Alteburger Stra\u00dfe 42, K\u00f6lner S\u00fcdstadt statt. In Bewegung und Klang erleben Sie &#8222;wieviel Mensch haust im Fu\u00df,&#8220; und &#8222;wieviel Fu\u00df haust in der Stimme&#8220; und was sagt die Wirbels\u00e4ule dazu?<\/p>\n<p>Dieser Workshop ist auch f\u00fcr Menschen geeignet die z. B. unter Arthrose oder einem Fersensporn an den F\u00fc\u00dfen leiden, Knie- oder H\u00fcft- oder Kiefersorgen haben, Erdung und Gleichgewicht suchen, ihre Wirbels\u00e4ule elastischer und aufgerichteter erleben wollen oder Atem, Stimme und Gang, Stand\u00a0 oder Pr\u00e4senz verbessern m\u00f6chten.<\/p>\n<p><a href=\"https:\/\/www.gisela-weigand.de\/index.php\/angebot\/workshops\/feldenkrais-stimme-koerpertheater-koeln\/\" target=\"_blank\">Info und Anmeldung<\/a><\/p>\n<p><strong>Weitere Informationen zum Angebot von Kursen, Workshops und Einzelstunden finden Sie unter <a href=\"https:\/\/www.gisela-weigand.de\/index.php\/terminangebot\/\" target=\"_blank\">Terminangebot<\/a><\/strong><\/p>\n<p>&nbsp;<\/p>","protected":false},"excerpt":{"rendered":"<p>&#8222;Fr\u00f6hliche F\u00fc\u00dfe, Gehirne und Stimmen&#8220; erleben Sie am 21. Oktober 2017 von 11.00 &#8211; 16.00 Uhr in einem Workshop mit Feldenkrais und Stimmentfaltung u.a. nach der Lichtenberger Methode. Der Workshop findet in der Alteburger Stra\u00dfe 42, K\u00f6lner S\u00fcdstadt statt. In Bewegung und Klang erleben Sie &#8222;wieviel Mensch haust im Fu\u00df,&#8220; und &#8222;wieviel Fu\u00df haust in [&hellip;]<\/p>\n","protected":false},"author":2,"featured_media":0,"comment_status":"closed","ping_status":"closed","sticky":false,"template":"","format":"standard","meta":{"footnotes":""},"categories":[25],"tags":[54,51,5,11,50,47,13,23,49,52],"class_list":["post-6335","post","type-post","status-publish","format-standard","hentry","category-intensivworkshop","tag-atemregualtion","tag-aufrichtung-erleichtern","tag-feldenkrais","tag-funktionale-stimmbildung","tag-fuesse-sanieren","tag-gleichgewicht-staerken","tag-klang","tag-lichtenberger-methode","tag-praesenz-staerken","tag-stand-und-gang-erleichtern"],"wps_subtitle":"Workshop","_links":{"self":[{"href":"https:\/\/www.gisela-weigand.de\/index.php\/wp-json\/wp\/v2\/posts\/6335","targetHints":{"allow":["GET"]}}],"collection":[{"href":"https:\/\/www.gisela-weigand.de\/index.php\/wp-json\/wp\/v2\/posts"}],"about":[{"href":"https:\/\/www.gisela-weigand.de\/index.php\/wp-json\/wp\/v2\/types\/post"}],"author":[{"embeddable":true,"href":"https:\/\/www.gisela-weigand.de\/index.php\/wp-json\/wp\/v2\/users\/2"}],"replies":[{"embeddable":true,"href":"https:\/\/www.gisela-weigand.de\/index.php\/wp-json\/wp\/v2\/comments?post=6335"}],"version-history":[{"count":6,"href":"https:\/\/www.gisela-weigand.de\/index.php\/wp-json\/wp\/v2\/posts\/6335\/revisions"}],"predecessor-version":[{"id":6689,"href":"https:\/\/www.gisela-weigand.de\/index.php\/wp-json\/wp\/v2\/posts\/6335\/revisions\/6689"}],"wp:attachment":[{"href":"https:\/\/www.gisela-weigand.de\/index.php\/wp-json\/wp\/v2\/media?parent=6335"}],"wp:term":[{"taxonomy":"category","embeddable":true,"href":"https:\/\/www.gisela-weigand.de\/index.php\/wp-json\/wp\/v2\/categories?post=6335"},{"taxonomy":"post_tag","embeddable":true,"href":"https:\/\/www.gisela-weigand.de\/index.php\/wp-json\/wp\/v2\/tags?post=6335"}],"curies":[{"name":"wp","href":"https:\/\/api.w.org\/{rel}","templated":true}]}}