{"id":5975,"date":"2016-01-15T11:25:37","date_gmt":"2016-01-15T10:25:37","guid":{"rendered":"http:\/\/www.gisela-weigand.de\/?p=5975"},"modified":"2016-01-15T11:47:17","modified_gmt":"2016-01-15T10:47:17","slug":"feldenkrais-workshop","status":"publish","type":"post","link":"https:\/\/www.gisela-weigand.de\/index.php\/intensivworkshop\/feldenkrais-workshop\/","title":{"rendered":"Feldenkrais &#8211; Workshop"},"content":{"rendered":"<p>Am <strong>30. Januar 2016<\/strong> findet in K\u00f6ln von 11.00 &#8211; 16.00 ein <strong>Feldenkrais &#8211; Workshop<\/strong> statt, mit dem Thema <strong>&#8222;Was tut mir gut, was brauche ich&#8230;?&#8220;<\/strong> In der rasanten Jahresfahrt schleifen wir viel mit, auch nur so aus Gewohnheit. Doch wie kann man ausmisten, was nicht mehr gebraucht wird und Platz f\u00fcr neues schaffen? Die Feldenkrais-Methode zeigt uns, dass die Mittel dazu in uns selbst zur Verf\u00fcgung stehen. Der Workshop m\u00f6chte dazu inspirieren, wie wir sie nutzen k\u00f6nnen.<\/p>\n<p><a href=\"https:\/\/www.gisela-weigand.de\/index.php\/angebot\/workshops\/feldenkrais-stimme-koerpertheater-koeln\/\" target=\"_blank\">Mehr Info und Anmeldung<\/a><\/p>","protected":false},"excerpt":{"rendered":"<p>Am 30. Januar 2016 findet in K\u00f6ln von 11.00 &#8211; 16.00 ein Feldenkrais &#8211; Workshop statt, mit dem Thema &#8222;Was tut mir gut, was brauche ich&#8230;?&#8220; In der rasanten Jahresfahrt schleifen wir viel mit, auch nur so aus Gewohnheit. Doch wie kann man ausmisten, was nicht mehr gebraucht wird und Platz f\u00fcr neues schaffen? Die [&hellip;]<\/p>\n","protected":false},"author":2,"featured_media":0,"comment_status":"open","ping_status":"open","sticky":false,"template":"","format":"standard","meta":{"footnotes":""},"categories":[25],"tags":[16,5,37],"class_list":["post-5975","post","type-post","status-publish","format-standard","hentry","category-intensivworkshop","tag-entspannung","tag-feldenkrais","tag-imaginative-techniken"],"wps_subtitle":"Feldenkrais-Workshop | Was tut mit gut...?","_links":{"self":[{"href":"https:\/\/www.gisela-weigand.de\/index.php\/wp-json\/wp\/v2\/posts\/5975","targetHints":{"allow":["GET"]}}],"collection":[{"href":"https:\/\/www.gisela-weigand.de\/index.php\/wp-json\/wp\/v2\/posts"}],"about":[{"href":"https:\/\/www.gisela-weigand.de\/index.php\/wp-json\/wp\/v2\/types\/post"}],"author":[{"embeddable":true,"href":"https:\/\/www.gisela-weigand.de\/index.php\/wp-json\/wp\/v2\/users\/2"}],"replies":[{"embeddable":true,"href":"https:\/\/www.gisela-weigand.de\/index.php\/wp-json\/wp\/v2\/comments?post=5975"}],"version-history":[{"count":4,"href":"https:\/\/www.gisela-weigand.de\/index.php\/wp-json\/wp\/v2\/posts\/5975\/revisions"}],"predecessor-version":[{"id":5986,"href":"https:\/\/www.gisela-weigand.de\/index.php\/wp-json\/wp\/v2\/posts\/5975\/revisions\/5986"}],"wp:attachment":[{"href":"https:\/\/www.gisela-weigand.de\/index.php\/wp-json\/wp\/v2\/media?parent=5975"}],"wp:term":[{"taxonomy":"category","embeddable":true,"href":"https:\/\/www.gisela-weigand.de\/index.php\/wp-json\/wp\/v2\/categories?post=5975"},{"taxonomy":"post_tag","embeddable":true,"href":"https:\/\/www.gisela-weigand.de\/index.php\/wp-json\/wp\/v2\/tags?post=5975"}],"curies":[{"name":"wp","href":"https:\/\/api.w.org\/{rel}","templated":true}]}}