{"id":5954,"date":"2015-12-18T16:40:28","date_gmt":"2015-12-18T15:40:28","guid":{"rendered":"http:\/\/www.gisela-weigand.de\/?p=5954"},"modified":"2016-01-07T11:18:20","modified_gmt":"2016-01-07T10:18:20","slug":"seminartage-feldenkrais-zwischen-den-jahren","status":"publish","type":"post","link":"https:\/\/www.gisela-weigand.de\/index.php\/seminarwoche\/seminartage-feldenkrais-zwischen-den-jahren\/","title":{"rendered":"Seminartage | Feldenkrais zwischen den Jahren"},"content":{"rendered":"<p>Vom <strong>28.- 30.12. 2015<\/strong> finden in <strong>Marburg<\/strong> drei <strong>Feldenkrais -Abende<\/strong> statt, mit dem Thema &#8222;das Jahr in Ruhe ausschwingen lassen und neugierig werden&#8220;. Immer von <strong>18.00 &#8211; 21.00 Uhr<\/strong> lassen wir in vielf\u00e4ltigen Bewegungseinheiten die Geschehnisse des Jahres 2015 Revue passieren. Dabei erleben K\u00f6rper und Seelenbereiche sowohl Ihre Speicherkapazit\u00e4t, als auch Ihre Wandlungsf\u00e4higkeit. Immer wieder werden wir leer und neutral und machen so Platz f\u00fcr eine Neugierde auf Zuk\u00fcnftiges. Nach Bedarf kommt auch unser Stimmenklang zu Geh\u00f6r.<\/p>\n<p><a href=\"https:\/\/www.gisela-weigand.de\/index.php\/angebot\/workshops\/feldenkrais-stimme-marburg\/\" target=\"_blank\">Mehr Info und Anmeldung hier<\/a><\/p>\n<p>F\u00fcr das weitere Programm 2016 von Kursen, Workshops, Seminarwochen, Einzelstunden und Coaching, schauen Sie bitte unter Angebot \u00fcber dem gr\u00fcnen Kreis oben links oder unter folgendem Link hier <a href=\"https:\/\/www.gisela-weigand.de\/index.php\/angebot\/\" target=\"_blank\">Angebot<\/a><\/p>\n<p>Das neue Workshopprogramm f\u00fcr 2016 wird in K\u00fcrze erscheinen.<\/p>","protected":false},"excerpt":{"rendered":"<p>Vom 28.- 30.12. 2015 finden in Marburg drei Feldenkrais -Abende statt, mit dem Thema &#8222;das Jahr in Ruhe ausschwingen lassen und neugierig werden&#8220;. Immer von 18.00 &#8211; 21.00 Uhr lassen wir in vielf\u00e4ltigen Bewegungseinheiten die Geschehnisse des Jahres 2015 Revue passieren. Dabei erleben K\u00f6rper und Seelenbereiche sowohl Ihre Speicherkapazit\u00e4t, als auch Ihre Wandlungsf\u00e4higkeit. Immer wieder [&hellip;]<\/p>\n","protected":false},"author":2,"featured_media":0,"comment_status":"open","ping_status":"open","sticky":false,"template":"","format":"standard","meta":{"footnotes":""},"categories":[25,24],"tags":[16,5,30],"class_list":["post-5954","post","type-post","status-publish","format-standard","hentry","category-intensivworkshop","category-seminarwoche","tag-entspannung","tag-feldenkrais","tag-stimmentfaltung"],"wps_subtitle":"3 Seminarabende | Feldenkrais zwischen den Jahren","_links":{"self":[{"href":"https:\/\/www.gisela-weigand.de\/index.php\/wp-json\/wp\/v2\/posts\/5954","targetHints":{"allow":["GET"]}}],"collection":[{"href":"https:\/\/www.gisela-weigand.de\/index.php\/wp-json\/wp\/v2\/posts"}],"about":[{"href":"https:\/\/www.gisela-weigand.de\/index.php\/wp-json\/wp\/v2\/types\/post"}],"author":[{"embeddable":true,"href":"https:\/\/www.gisela-weigand.de\/index.php\/wp-json\/wp\/v2\/users\/2"}],"replies":[{"embeddable":true,"href":"https:\/\/www.gisela-weigand.de\/index.php\/wp-json\/wp\/v2\/comments?post=5954"}],"version-history":[{"count":4,"href":"https:\/\/www.gisela-weigand.de\/index.php\/wp-json\/wp\/v2\/posts\/5954\/revisions"}],"predecessor-version":[{"id":5961,"href":"https:\/\/www.gisela-weigand.de\/index.php\/wp-json\/wp\/v2\/posts\/5954\/revisions\/5961"}],"wp:attachment":[{"href":"https:\/\/www.gisela-weigand.de\/index.php\/wp-json\/wp\/v2\/media?parent=5954"}],"wp:term":[{"taxonomy":"category","embeddable":true,"href":"https:\/\/www.gisela-weigand.de\/index.php\/wp-json\/wp\/v2\/categories?post=5954"},{"taxonomy":"post_tag","embeddable":true,"href":"https:\/\/www.gisela-weigand.de\/index.php\/wp-json\/wp\/v2\/tags?post=5954"}],"curies":[{"name":"wp","href":"https:\/\/api.w.org\/{rel}","templated":true}]}}