{"id":5549,"date":"2015-01-12T14:34:48","date_gmt":"2015-01-12T13:34:48","guid":{"rendered":"http:\/\/www.gisela-weigand.de\/?p=5549"},"modified":"2015-01-12T14:57:38","modified_gmt":"2015-01-12T13:57:38","slug":"workshop-mit-feldenkrais-stimmerleben-und-korpertheater","status":"publish","type":"post","link":"https:\/\/www.gisela-weigand.de\/index.php\/allgemein\/workshop-mit-feldenkrais-stimmerleben-und-korpertheater\/","title":{"rendered":"Workshop mit Feldenkrais, Stimmerleben und K\u00f6rpertheater"},"content":{"rendered":"<p>Am <strong>28. Februar 2015<\/strong> findet in der <strong>Melanchthon &#8211; Akademie K\u00f6ln<\/strong> von <strong>10.00 &#8211; 16.30 Uhr<\/strong> ein <strong>Workshop<\/strong> statt mit Feldenkrais, Stimmerleben und K\u00f6rpertheater. Hier erinnern wir uns in Klang, Bewegung und K\u00f6rpersprache mit allen Sinnen an unsere &#8222;biologischen&#8220; Sch\u00e4tze und bestaunen schon lang Vergessenes. In diesem Workhops k\u00f6nnen neue Neugierige auch die Methoden und meine &#8222;Spielweisen&#8220; kennenlernen. Au\u00dferdem eignet er sich auch f\u00fcr Menschen, die mit einem sehr geringen B\u00fcdget auskommen m\u00fcssen. Menschen die auf Unterst\u00fctzung wie K\u00f6lnpass, ALG II etc. angewiesen sind, fragen bitte im Sekretariat der Akademie an.<\/p>\n<p><a href=\"https:\/\/www.gisela-weigand.de\/index.php\/angebot\/workshops\/feldenkrais-stimme-koerpertheater-koeln\/\" target=\"_blank\">Info und Anmeldung hier<\/a><\/p>","protected":false},"excerpt":{"rendered":"<p>Am 28. Februar 2015 findet in der Melanchthon &#8211; Akademie K\u00f6ln von 10.00 &#8211; 16.30 Uhr ein Workshop statt mit Feldenkrais, Stimmerleben und K\u00f6rpertheater. Hier erinnern wir uns in Klang, Bewegung und K\u00f6rpersprache mit allen Sinnen an unsere &#8222;biologischen&#8220; Sch\u00e4tze und bestaunen schon lang Vergessenes. In diesem Workhops k\u00f6nnen neue Neugierige auch die Methoden und [&hellip;]<\/p>\n","protected":false},"author":2,"featured_media":0,"comment_status":"open","ping_status":"open","sticky":false,"template":"","format":"standard","meta":{"footnotes":""},"categories":[1,25],"tags":[5,12,11,17],"class_list":["post-5549","post","type-post","status-publish","format-standard","hentry","category-allgemein","category-intensivworkshop","tag-feldenkrais","tag-freie-bewegung","tag-funktionale-stimmbildung","tag-korperklangtheater"],"wps_subtitle":"Reicht\u00fcmer erinnern & Vitalit\u00e4t empfangen","_links":{"self":[{"href":"https:\/\/www.gisela-weigand.de\/index.php\/wp-json\/wp\/v2\/posts\/5549","targetHints":{"allow":["GET"]}}],"collection":[{"href":"https:\/\/www.gisela-weigand.de\/index.php\/wp-json\/wp\/v2\/posts"}],"about":[{"href":"https:\/\/www.gisela-weigand.de\/index.php\/wp-json\/wp\/v2\/types\/post"}],"author":[{"embeddable":true,"href":"https:\/\/www.gisela-weigand.de\/index.php\/wp-json\/wp\/v2\/users\/2"}],"replies":[{"embeddable":true,"href":"https:\/\/www.gisela-weigand.de\/index.php\/wp-json\/wp\/v2\/comments?post=5549"}],"version-history":[{"count":4,"href":"https:\/\/www.gisela-weigand.de\/index.php\/wp-json\/wp\/v2\/posts\/5549\/revisions"}],"predecessor-version":[{"id":5551,"href":"https:\/\/www.gisela-weigand.de\/index.php\/wp-json\/wp\/v2\/posts\/5549\/revisions\/5551"}],"wp:attachment":[{"href":"https:\/\/www.gisela-weigand.de\/index.php\/wp-json\/wp\/v2\/media?parent=5549"}],"wp:term":[{"taxonomy":"category","embeddable":true,"href":"https:\/\/www.gisela-weigand.de\/index.php\/wp-json\/wp\/v2\/categories?post=5549"},{"taxonomy":"post_tag","embeddable":true,"href":"https:\/\/www.gisela-weigand.de\/index.php\/wp-json\/wp\/v2\/tags?post=5549"}],"curies":[{"name":"wp","href":"https:\/\/api.w.org\/{rel}","templated":true}]}}