{"id":5210,"date":"2014-09-05T10:58:21","date_gmt":"2014-09-05T08:58:21","guid":{"rendered":"http:\/\/www.gisela-weigand.de\/?p=5210"},"modified":"2014-09-14T20:09:04","modified_gmt":"2014-09-14T18:09:04","slug":"workshop-hochsensibilitat-hochbegabung-in-beruf-und-alltag","status":"publish","type":"post","link":"https:\/\/www.gisela-weigand.de\/index.php\/intensivworkshop\/workshop-hochsensibilitat-hochbegabung-in-beruf-und-alltag\/","title":{"rendered":"Workshop | Hochsensibilit\u00e4t &#038; Hochbegabung in Beruf und Alltag"},"content":{"rendered":"<p><strong>Am 27. September 2014, von 11.00 &#8211; 16.00 Uhr<\/strong>, <strong>sind Sie herzlich eingeladen zu dem Workshop &#8222;Hochsensibilit\u00e4t &amp; Hochbegabung in Beruf und Alltag&#8220;<\/strong>.<\/p>\n<div id=\"attachment_5247\" style=\"width: 430px\" class=\"wp-caption alignnone\"><img loading=\"lazy\" decoding=\"async\" aria-describedby=\"caption-attachment-5247\" class=\"size-full wp-image-5247  \" title=\"Workshop - Hochsensibilit\u00e4t und Hochbegabung in Beruf und Alltag, K\u00f6ln 27.09.2014\" src=\"https:\/\/www.gisela-weigand.de\/wp-content\/uploads\/2014\/09\/Workshop-Hochsensible-und-Hochbegabte-K\u00f6ln-27.09.2014.jpg\" alt=\"Workshop - Hochsensibilit\u00e4t und Hochbegabung - K\u00f6ln 27.09.2014\" width=\"420\" height=\"190\" srcset=\"https:\/\/www.gisela-weigand.de\/wp-content\/uploads\/2014\/09\/Workshop-Hochsensible-und-Hochbegabte-K\u00f6ln-27.09.2014.jpg 420w, https:\/\/www.gisela-weigand.de\/wp-content\/uploads\/2014\/09\/Workshop-Hochsensible-und-Hochbegabte-K\u00f6ln-27.09.2014-300x135.jpg 300w\" sizes=\"auto, (max-width: 420px) 100vw, 420px\" \/><p id=\"caption-attachment-5247\" class=\"wp-caption-text\">Balance f\u00fcr Hochsensible und Hochbegabte in Beruf und Alltag<\/p><\/div>\n<p>Mittels feiner Sp\u00fcrweisen aus der Feldenkrais Methode, Supervision in der Gruppe, Stimmentwicklung und K\u00f6rpertheater werden wir unsere Potentialg\u00e4rten bestaunen und n\u00e4hren, ihre Risiken in der Kommunikation mit anderen erkennen und Wege erspielen, die Fr\u00fcchte ins Leben zu tragen!<\/p>\n<p>Der Workshop findet im &#8222;Ewaldischl\u00f6sschen&#8220; , Ewaldistra\u00dfe 24,\u00a0 im K\u00f6lner Agnesviertel statt.<\/p>\n<p><a href=\"https:\/\/www.gisela-weigand.de\/index.php\/angebot\/workshops\/koln\/\" target=\"_blank\">Mehr Info und Anmeldung<\/a><\/p>\n<p><a href=\"https:\/\/www.gisela-weigand.de\/wp-content\/uploads\/2014\/09\/Workshop-K\u00f6ln-Hochsensibilit\u00e4t-Hochbegabung-27.09.2014.pdf\" target=\"_blank\">Flyer zum Workshop<\/a><\/p>","protected":false},"excerpt":{"rendered":"<p>Am 27. September 2014, von 11.00 &#8211; 16.00 Uhr, sind Sie herzlich eingeladen zu dem Workshop &#8222;Hochsensibilit\u00e4t &amp; Hochbegabung in Beruf und Alltag&#8220;. Mittels feiner Sp\u00fcrweisen aus der Feldenkrais Methode, Supervision in der Gruppe, Stimmentwicklung und K\u00f6rpertheater werden wir unsere Potentialg\u00e4rten bestaunen und n\u00e4hren, ihre Risiken in der Kommunikation mit anderen erkennen und Wege erspielen, [&hellip;]<\/p>\n","protected":false},"author":2,"featured_media":0,"comment_status":"open","ping_status":"open","sticky":false,"template":"","format":"standard","meta":{"footnotes":""},"categories":[25],"tags":[5,11,28,22,29],"class_list":["post-5210","post","type-post","status-publish","format-standard","hentry","category-intensivworkshop","tag-feldenkrais","tag-funktionale-stimmbildung","tag-hochsensibilitat-hochbegabung","tag-intuitives-korpertheater","tag-supervision"],"wps_subtitle":"Workshop | Hochsensibilit\u00e4t & Hochbegabung","_links":{"self":[{"href":"https:\/\/www.gisela-weigand.de\/index.php\/wp-json\/wp\/v2\/posts\/5210","targetHints":{"allow":["GET"]}}],"collection":[{"href":"https:\/\/www.gisela-weigand.de\/index.php\/wp-json\/wp\/v2\/posts"}],"about":[{"href":"https:\/\/www.gisela-weigand.de\/index.php\/wp-json\/wp\/v2\/types\/post"}],"author":[{"embeddable":true,"href":"https:\/\/www.gisela-weigand.de\/index.php\/wp-json\/wp\/v2\/users\/2"}],"replies":[{"embeddable":true,"href":"https:\/\/www.gisela-weigand.de\/index.php\/wp-json\/wp\/v2\/comments?post=5210"}],"version-history":[{"count":16,"href":"https:\/\/www.gisela-weigand.de\/index.php\/wp-json\/wp\/v2\/posts\/5210\/revisions"}],"predecessor-version":[{"id":5212,"href":"https:\/\/www.gisela-weigand.de\/index.php\/wp-json\/wp\/v2\/posts\/5210\/revisions\/5212"}],"wp:attachment":[{"href":"https:\/\/www.gisela-weigand.de\/index.php\/wp-json\/wp\/v2\/media?parent=5210"}],"wp:term":[{"taxonomy":"category","embeddable":true,"href":"https:\/\/www.gisela-weigand.de\/index.php\/wp-json\/wp\/v2\/categories?post=5210"},{"taxonomy":"post_tag","embeddable":true,"href":"https:\/\/www.gisela-weigand.de\/index.php\/wp-json\/wp\/v2\/tags?post=5210"}],"curies":[{"name":"wp","href":"https:\/\/api.w.org\/{rel}","templated":true}]}}