{"id":5074,"date":"2014-05-21T11:21:26","date_gmt":"2014-05-21T09:21:26","guid":{"rendered":"http:\/\/www.gisela-weigand.de\/?p=5074"},"modified":"2015-05-04T18:09:45","modified_gmt":"2015-05-04T16:09:45","slug":"pfingstseminar-mit-stimme-klang-und-feldenkrais","status":"publish","type":"post","link":"https:\/\/www.gisela-weigand.de\/index.php\/aktuelles\/pfingstseminar-mit-stimme-klang-und-feldenkrais\/","title":{"rendered":"Pfingstseminar mit Stimme, Klang und Feldenkrais"},"content":{"rendered":"<p><strong>Ein Seminar mit Stimme, Sprache, Gesang, Poesie, freier Bewegung und intuitivem K\u00f6rpertheater erwartet euch\/Sie vom 07. &#8211; 09. Juni 2014, t\u00e4glich von 15.00 &#8211; 18.00 Uhr im &#8222;Ewaldischl\u00f6sschen&#8220; im K\u00f6lner Agnesviertel. <\/strong><\/p>\n<p>Wenn wir uns innen besser h\u00f6ren und wahrnehmen, k\u00f6nnen wir auch nach  au\u00dfen klarer strahlen. Im Sinne des an diesen Tagen gefeierten  &#8222;Pfingswunders&#8220; werden wir Helligkeit, Licht, Durchl\u00e4ssigkeit, W\u00e4rme und  hohe Frequenzen von uns selbst zu uns selbst einladen und wie eine  wohltuende Emulsion empfangen. Bewegend und klingend erkunden sich  K\u00f6rper und Stimme als Membranen, die zum schwingen und reinigen  motiviert werden. Die darin sich entfachende Klangf\u00fclle vermag uns  aufzurichten und auch zu heilen.<\/p>\n<p>Flyer zum Seminar hier<br \/>\n<a href=\"https:\/\/www.gisela-weigand.de\/wp-content\/uploads\/2014\/05\/Pfingstkl%C3%A4nge-im-Ewaldischl%C3%B6sschen-K%C3%B6ln-07.-09.-Juni-2014.pdf\">Pfingstkl\u00e4nge im Ewaldischl\u00f6sschen K\u00f6ln,  07.- 09. Juni 2014<\/a><\/p>\n<p><a href=\"https:\/\/www.gisela-weigand.de\/index.php\/angebot\/seminarwochen\/\" target=\"_blank\">Anmeldung und Info hier<\/a><\/p>","protected":false},"excerpt":{"rendered":"<p>Ein Seminar mit Stimme, Sprache, Gesang, Poesie, freier Bewegung und intuitivem K\u00f6rpertheater erwartet euch\/Sie vom 07. &#8211; 09. Juni 2014, t\u00e4glich von 15.00 &#8211; 18.00 Uhr im &#8222;Ewaldischl\u00f6sschen&#8220; im K\u00f6lner Agnesviertel. Wenn wir uns innen besser h\u00f6ren und wahrnehmen, k\u00f6nnen wir auch nach au\u00dfen klarer strahlen. Im Sinne des an diesen Tagen gefeierten &#8222;Pfingswunders&#8220; werden [&hellip;]<\/p>\n","protected":false},"author":2,"featured_media":0,"comment_status":"open","ping_status":"open","sticky":false,"template":"","format":"standard","meta":{"footnotes":""},"categories":[27],"tags":[16,5,12,11,8,15,7,13,6,3,9,14,10,4],"class_list":["post-5074","post","type-post","status-publish","format-standard","hentry","category-aktuelles","tag-entspannung","tag-feldenkrais","tag-freie-bewegung","tag-funktionale-stimmbildung","tag-gesang","tag-heilung","tag-hochsensible","tag-klang","tag-korpertheater","tag-pfingstseminar","tag-poesie","tag-spiritualitat","tag-sprache","tag-stimmentwicklung"],"wps_subtitle":"Ausgie\u00dfung von Pfingstkl\u00e4ngen im Ewaldischl\u00f6sschen","_links":{"self":[{"href":"https:\/\/www.gisela-weigand.de\/index.php\/wp-json\/wp\/v2\/posts\/5074","targetHints":{"allow":["GET"]}}],"collection":[{"href":"https:\/\/www.gisela-weigand.de\/index.php\/wp-json\/wp\/v2\/posts"}],"about":[{"href":"https:\/\/www.gisela-weigand.de\/index.php\/wp-json\/wp\/v2\/types\/post"}],"author":[{"embeddable":true,"href":"https:\/\/www.gisela-weigand.de\/index.php\/wp-json\/wp\/v2\/users\/2"}],"replies":[{"embeddable":true,"href":"https:\/\/www.gisela-weigand.de\/index.php\/wp-json\/wp\/v2\/comments?post=5074"}],"version-history":[{"count":34,"href":"https:\/\/www.gisela-weigand.de\/index.php\/wp-json\/wp\/v2\/posts\/5074\/revisions"}],"predecessor-version":[{"id":5076,"href":"https:\/\/www.gisela-weigand.de\/index.php\/wp-json\/wp\/v2\/posts\/5074\/revisions\/5076"}],"wp:attachment":[{"href":"https:\/\/www.gisela-weigand.de\/index.php\/wp-json\/wp\/v2\/media?parent=5074"}],"wp:term":[{"taxonomy":"category","embeddable":true,"href":"https:\/\/www.gisela-weigand.de\/index.php\/wp-json\/wp\/v2\/categories?post=5074"},{"taxonomy":"post_tag","embeddable":true,"href":"https:\/\/www.gisela-weigand.de\/index.php\/wp-json\/wp\/v2\/tags?post=5074"}],"curies":[{"name":"wp","href":"https:\/\/api.w.org\/{rel}","templated":true}]}}