{"id":4674,"date":"2013-10-11T22:16:07","date_gmt":"2013-10-11T20:16:07","guid":{"rendered":"http:\/\/www.gisela-weigand.de\/?p=4674"},"modified":"2013-11-21T19:21:52","modified_gmt":"2013-11-21T18:21:52","slug":"das-studio-fur-feldenkrais-stimme-zieht-um","status":"publish","type":"post","link":"https:\/\/www.gisela-weigand.de\/index.php\/allgemein\/das-studio-fur-feldenkrais-stimme-zieht-um\/","title":{"rendered":"Das Studio f\u00fcr Feldenkrais &#038; Stimme zieht um"},"content":{"rendered":"<p>Mitte November baue ich meine Zelte in Overath ab und ziehe mit meinem Studio weiter ins Agnesviertel zur\u00fcck nach K\u00f6ln. Dort werden Sie in Zukunft im <strong>&#8222;Ewaldischloss&#8220;<\/strong> klingend und bewegend empfangen. In der <strong>Ewaldistra\u00dfe 24, 50670 K\u00f6ln, <\/strong>direkt \u00fcber dem Cafe &#8222;Dein &amp; Mein&#8220;, erwartet euch\/ Sie ein feinsinnig saniertes Studio mit ge\u00f6ltem Holzboden und hohen Decken in denkmalgesch\u00fctztem Altbau von 1900. In Zukunft wird es also f\u00fcr die K\u00f6lner nicht mehr so weit sein. Das\u00a0 Agnesviertel ist bestens mit Bahnen, Bussen, Fahrrad und Auto zu erreichen. Und die Landmenschen haben endlich wieder einen Grund nach K\u00f6lle zu fahren.<\/p>\n<p>Das neue Programm ab November 2013-2014 in K\u00f6ln findet Ihr wie immer unter Angebot auf der Heimseite. Die Kurse und Einzelstunden in Overath laufen noch bis Ende November und wechseln dann mit nach K\u00f6ln hin\u00fcber. Ein Kurs Dienstag nachmittags bleibt im Bergischen Land, er zieht in den wundersch\u00f6nen &#8222;Freiraum&#8220; nach R\u00f6srath (s. u. Overath | R\u00f6srath). Weitere Angebote auf dem Land werden sich entwickeln.<\/p>\n<p>Ich freue mich auf euch\/ Sie alle im neuen K\u00f6lner Studio und in neuen l\u00e4ndlichen Oasen!<\/p>\n<p><em><strong>Ab dem 25.11.2013 bin ich unter folgender neuer Telefonnummer zu erreichen: 0221.58604677<\/strong><\/em><\/p>\n<p><a href=\"https:\/\/www.gisela-weigand.de\/index.php\/angebot\/kurse\/\" target=\"_blank\">Zu den Kursen<\/a><em><strong><br \/>\n<\/strong><\/em><\/p>","protected":false},"excerpt":{"rendered":"<p>Mitte November baue ich meine Zelte in Overath ab und ziehe mit meinem Studio weiter ins Agnesviertel zur\u00fcck nach K\u00f6ln. Dort werden Sie in Zukunft im &#8222;Ewaldischloss&#8220; klingend und bewegend empfangen. In der Ewaldistra\u00dfe 24, 50670 K\u00f6ln, direkt \u00fcber dem Cafe &#8222;Dein &amp; Mein&#8220;, erwartet euch\/ Sie ein feinsinnig saniertes Studio mit ge\u00f6ltem Holzboden und [&hellip;]<\/p>\n","protected":false},"author":2,"featured_media":0,"comment_status":"open","ping_status":"open","sticky":false,"template":"","format":"standard","meta":{"footnotes":""},"categories":[1],"tags":[],"class_list":["post-4674","post","type-post","status-publish","format-standard","hentry","category-allgemein"],"wps_subtitle":"Die Nomadin zieht weiter","_links":{"self":[{"href":"https:\/\/www.gisela-weigand.de\/index.php\/wp-json\/wp\/v2\/posts\/4674","targetHints":{"allow":["GET"]}}],"collection":[{"href":"https:\/\/www.gisela-weigand.de\/index.php\/wp-json\/wp\/v2\/posts"}],"about":[{"href":"https:\/\/www.gisela-weigand.de\/index.php\/wp-json\/wp\/v2\/types\/post"}],"author":[{"embeddable":true,"href":"https:\/\/www.gisela-weigand.de\/index.php\/wp-json\/wp\/v2\/users\/2"}],"replies":[{"embeddable":true,"href":"https:\/\/www.gisela-weigand.de\/index.php\/wp-json\/wp\/v2\/comments?post=4674"}],"version-history":[{"count":15,"href":"https:\/\/www.gisela-weigand.de\/index.php\/wp-json\/wp\/v2\/posts\/4674\/revisions"}],"predecessor-version":[{"id":4677,"href":"https:\/\/www.gisela-weigand.de\/index.php\/wp-json\/wp\/v2\/posts\/4674\/revisions\/4677"}],"wp:attachment":[{"href":"https:\/\/www.gisela-weigand.de\/index.php\/wp-json\/wp\/v2\/media?parent=4674"}],"wp:term":[{"taxonomy":"category","embeddable":true,"href":"https:\/\/www.gisela-weigand.de\/index.php\/wp-json\/wp\/v2\/categories?post=4674"},{"taxonomy":"post_tag","embeddable":true,"href":"https:\/\/www.gisela-weigand.de\/index.php\/wp-json\/wp\/v2\/tags?post=4674"}],"curies":[{"name":"wp","href":"https:\/\/api.w.org\/{rel}","templated":true}]}}