{"id":4670,"date":"2013-09-27T20:10:45","date_gmt":"2013-09-27T18:10:45","guid":{"rendered":"http:\/\/www.gisela-weigand.de\/?p=4670"},"modified":"2013-09-27T20:12:16","modified_gmt":"2013-09-27T18:12:16","slug":"feldenkrais-und-lichtenberger-methode-im-dialog","status":"publish","type":"post","link":"https:\/\/www.gisela-weigand.de\/index.php\/allgemein\/feldenkrais-und-lichtenberger-methode-im-dialog\/","title":{"rendered":"Feldenkrais und Lichtenberger Methode im Dialog"},"content":{"rendered":"<h3>Feldenkrais und Lichtenberger Methode im Dialog<\/h3>\n<p>Am <strong>16. November 2013<\/strong> findet von 10.00-16.00 Uhr ein <strong>Workshop<\/strong> &#8222;Stimmbildung und Feldenkrais&#8220; in der <strong>Melanchthon-Akademie K\u00f6ln<\/strong> statt. Hier tauchen Sie in ein feinsinniges K\u00f6rper-, Seelen und Klangerleben ein. Wir begegnen und erwecken innere Stimmanteile und lassen sie nach au\u00dfen klingend erbl\u00fchen. Sanftes Bewegen erm\u00f6glicht dabei, dass unsere Gewebe, Muskeln, Knochen, R\u00e4ume ihre Schwingf\u00e4higkeit erinnern.<\/p>\n<p><a href=\"https:\/\/www.gisela-weigand.de\/index.php\/angebot\/workshops\/koln\/\" target=\"_blank\">Info und Anmeldung hier<\/a><\/p>","protected":false},"excerpt":{"rendered":"<p>Feldenkrais und Lichtenberger Methode im Dialog Am 16. November 2013 findet von 10.00-16.00 Uhr ein Workshop &#8222;Stimmbildung und Feldenkrais&#8220; in der Melanchthon-Akademie K\u00f6ln statt. Hier tauchen Sie in ein feinsinniges K\u00f6rper-, Seelen und Klangerleben ein. Wir begegnen und erwecken innere Stimmanteile und lassen sie nach au\u00dfen klingend erbl\u00fchen. Sanftes Bewegen erm\u00f6glicht dabei, dass unsere Gewebe, [&hellip;]<\/p>\n","protected":false},"author":2,"featured_media":0,"comment_status":"open","ping_status":"open","sticky":false,"template":"","format":"standard","meta":{"footnotes":""},"categories":[1],"tags":[],"class_list":["post-4670","post","type-post","status-publish","format-standard","hentry","category-allgemein"],"wps_subtitle":"Die innere Stimme st\u00e4rken und klingen lassen","_links":{"self":[{"href":"https:\/\/www.gisela-weigand.de\/index.php\/wp-json\/wp\/v2\/posts\/4670","targetHints":{"allow":["GET"]}}],"collection":[{"href":"https:\/\/www.gisela-weigand.de\/index.php\/wp-json\/wp\/v2\/posts"}],"about":[{"href":"https:\/\/www.gisela-weigand.de\/index.php\/wp-json\/wp\/v2\/types\/post"}],"author":[{"embeddable":true,"href":"https:\/\/www.gisela-weigand.de\/index.php\/wp-json\/wp\/v2\/users\/2"}],"replies":[{"embeddable":true,"href":"https:\/\/www.gisela-weigand.de\/index.php\/wp-json\/wp\/v2\/comments?post=4670"}],"version-history":[{"count":3,"href":"https:\/\/www.gisela-weigand.de\/index.php\/wp-json\/wp\/v2\/posts\/4670\/revisions"}],"predecessor-version":[{"id":4672,"href":"https:\/\/www.gisela-weigand.de\/index.php\/wp-json\/wp\/v2\/posts\/4670\/revisions\/4672"}],"wp:attachment":[{"href":"https:\/\/www.gisela-weigand.de\/index.php\/wp-json\/wp\/v2\/media?parent=4670"}],"wp:term":[{"taxonomy":"category","embeddable":true,"href":"https:\/\/www.gisela-weigand.de\/index.php\/wp-json\/wp\/v2\/categories?post=4670"},{"taxonomy":"post_tag","embeddable":true,"href":"https:\/\/www.gisela-weigand.de\/index.php\/wp-json\/wp\/v2\/tags?post=4670"}],"curies":[{"name":"wp","href":"https:\/\/api.w.org\/{rel}","templated":true}]}}