{"id":4505,"date":"2013-06-24T15:31:37","date_gmt":"2013-06-24T13:31:37","guid":{"rendered":"http:\/\/www.gisela-weigand.de\/?p=4505"},"modified":"2013-06-25T17:56:55","modified_gmt":"2013-06-25T15:56:55","slug":"sommerwoche-overath-feldenkrais-und-stimme","status":"publish","type":"post","link":"https:\/\/www.gisela-weigand.de\/index.php\/allgemein\/sommerwoche-overath-feldenkrais-und-stimme\/","title":{"rendered":"Sommerwoche Overath | Feldenkrais und Stimme"},"content":{"rendered":"<div id=\"attachment_4513\" style=\"width: 430px\" class=\"wp-caption alignnone\"><img loading=\"lazy\" decoding=\"async\" aria-describedby=\"caption-attachment-4513\" class=\"size-full wp-image-4513 \" title=\"Overather Sommerfrische - Feldenkrais und Stimme\" src=\"https:\/\/www.gisela-weigand.de\/wp-content\/uploads\/2013\/06\/sieg.jpg\" alt=\"Overather Sommerfrische - Eine Reise zu uralten Kr\u00e4ften - Feldenkrais und Stimme\" width=\"420\" height=\"190\" srcset=\"https:\/\/www.gisela-weigand.de\/wp-content\/uploads\/2013\/06\/sieg.jpg 420w, https:\/\/www.gisela-weigand.de\/wp-content\/uploads\/2013\/06\/sieg-300x135.jpg 300w\" sizes=\"auto, (max-width: 420px) 100vw, 420px\" \/><p id=\"caption-attachment-4513\" class=\"wp-caption-text\">Eine Reise zu uralten Kr\u00e4ften - mit Feldenkrais, Lichtenberger Sp\u00fcrweisen und intuitivem K\u00f6rpertheater  - Gisela Weigand<\/p><\/div>\n<p>Ein NaturK\u00f6rperKlangLauschen f\u00fcr Erholungsbed\u00fcrftige  und Erlebnishungrige im Studio Overath und nach Absprache auf Feld, Wald oder Wiese<strong>, vom 22. &#8211; 26. Juli 2013, t\u00e4glich  von 18.00 &#8211; 21.00 Uhr<\/strong>. Wir begeben uns auf eine Reise zu unseren uralten  Zyklen, Formen, Zust\u00e4nden, Rhythmen und Kl\u00e4ngen. Inspirieren lassen wir  uns dabei von inneren Bildern, Tanz, Natur, Atmung und Liedern. Sie  erleben Seelentheater, intuitives K\u00f6rperKlangTheater in  Verbindung mit Feldenkrais und Lichtenberger Sp\u00fcrweisen. Die Seminartage  sind auch einzeln w\u00e4hlbar.<\/p>\n<p><a href=\"https:\/\/www.gisela-weigand.de\/index.php\/angebot\/seminarwochen\/\" target=\"_blank\">Information und Anmeldung<\/a><\/p>","protected":false},"excerpt":{"rendered":"<p>Ein NaturK\u00f6rperKlangLauschen f\u00fcr Erholungsbed\u00fcrftige und Erlebnishungrige im Studio Overath und nach Absprache auf Feld, Wald oder Wiese, vom 22. &#8211; 26. Juli 2013, t\u00e4glich von 18.00 &#8211; 21.00 Uhr. Wir begeben uns auf eine Reise zu unseren uralten Zyklen, Formen, Zust\u00e4nden, Rhythmen und Kl\u00e4ngen. Inspirieren lassen wir uns dabei von inneren Bildern, Tanz, Natur, Atmung [&hellip;]<\/p>\n","protected":false},"author":2,"featured_media":0,"comment_status":"open","ping_status":"open","sticky":false,"template":"","format":"standard","meta":{"footnotes":""},"categories":[1],"tags":[],"class_list":["post-4505","post","type-post","status-publish","format-standard","hentry","category-allgemein"],"wps_subtitle":"Overather Sommerfrische | Eine Reise zu uralten Kr\u00e4ften","_links":{"self":[{"href":"https:\/\/www.gisela-weigand.de\/index.php\/wp-json\/wp\/v2\/posts\/4505","targetHints":{"allow":["GET"]}}],"collection":[{"href":"https:\/\/www.gisela-weigand.de\/index.php\/wp-json\/wp\/v2\/posts"}],"about":[{"href":"https:\/\/www.gisela-weigand.de\/index.php\/wp-json\/wp\/v2\/types\/post"}],"author":[{"embeddable":true,"href":"https:\/\/www.gisela-weigand.de\/index.php\/wp-json\/wp\/v2\/users\/2"}],"replies":[{"embeddable":true,"href":"https:\/\/www.gisela-weigand.de\/index.php\/wp-json\/wp\/v2\/comments?post=4505"}],"version-history":[{"count":15,"href":"https:\/\/www.gisela-weigand.de\/index.php\/wp-json\/wp\/v2\/posts\/4505\/revisions"}],"predecessor-version":[{"id":4512,"href":"https:\/\/www.gisela-weigand.de\/index.php\/wp-json\/wp\/v2\/posts\/4505\/revisions\/4512"}],"wp:attachment":[{"href":"https:\/\/www.gisela-weigand.de\/index.php\/wp-json\/wp\/v2\/media?parent=4505"}],"wp:term":[{"taxonomy":"category","embeddable":true,"href":"https:\/\/www.gisela-weigand.de\/index.php\/wp-json\/wp\/v2\/categories?post=4505"},{"taxonomy":"post_tag","embeddable":true,"href":"https:\/\/www.gisela-weigand.de\/index.php\/wp-json\/wp\/v2\/tags?post=4505"}],"curies":[{"name":"wp","href":"https:\/\/api.w.org\/{rel}","templated":true}]}}