{"id":4143,"date":"2013-03-25T18:21:16","date_gmt":"2013-03-25T17:21:16","guid":{"rendered":"http:\/\/www.gisela-weigand.de\/?p=4143"},"modified":"2013-03-25T18:24:40","modified_gmt":"2013-03-25T17:24:40","slug":"workshop-fur-mehr-sitzkomfort","status":"publish","type":"post","link":"https:\/\/www.gisela-weigand.de\/index.php\/allgemein\/workshop-fur-mehr-sitzkomfort\/","title":{"rendered":"Feldenkrais Workshop f\u00fcr mehr Sitzkomfort in K\u00f6ln"},"content":{"rendered":"<div id=\"attachment_3461\" style=\"width: 430px\" class=\"wp-caption alignnone\"><img loading=\"lazy\" decoding=\"async\" aria-describedby=\"caption-attachment-3461\" class=\"size-full wp-image-3461    \" title=\"Feldenkraisische Sitzspiele, Studio f\u00fcr Feldenkrais u. Stimme, G. Weigand\" src=\"https:\/\/www.gisela-weigand.de\/wp-content\/uploads\/2010\/07\/hockerspiel.jpg\" alt=\"Flexibel und leicht sitzen mit der Feldenkrais Methode\" width=\"420\" height=\"190\" srcset=\"https:\/\/www.gisela-weigand.de\/wp-content\/uploads\/2010\/07\/hockerspiel.jpg 420w, https:\/\/www.gisela-weigand.de\/wp-content\/uploads\/2010\/07\/hockerspiel-300x135.jpg 300w\" sizes=\"auto, (max-width: 420px) 100vw, 420px\" \/><p id=\"caption-attachment-3461\" class=\"wp-caption-text\">Feldenkraisische Sitzspiele, Studio f\u00fcr Feldenkrais u. Stimme, G. Weigand<\/p><\/div>\n<p>Sie sind herzlich eingeladen zum Workshop &#8222;Leicht und flexibel am Tisch sitzen&#8220; <strong>am 20. April 2013 von 11.00 &#8211; 16.00 Uhr<\/strong> <strong>im<\/strong> <strong>Integrationshaus e.V. &#8211; Bilduga | K\u00f6ln &#8211; Kalk<\/strong>. Mal raus den alten Sitzgewohnheiten, ein Becken sp\u00fcren in dem wir wohnen, einen leichten und klaren Kopf, der beweglich getragen wird, eine mobile drehf\u00e4hige Wirbels\u00e4ule, freie H\u00e4nde, Arme und Schultern&#8230; juchhu, wenn das nichts ist. Und F\u00fc\u00dfe haben wir auch noch! Denken Sie an die zwei, wenn Sie tischsitzend sind? Hab ich Sie neugierig gemacht? Schauen Sie doch einfach vorbei bei dieser angenehmen Sitzrunde. <a href=\"https:\/\/www.gisela-weigand.de\/wp-content\/uploads\/2011\/09\/LEICHT-UND-FLEXIBEL-AM-TISCH-SITZEN_Workshop-Feldenkrais.pdf\" target=\"_blank\">Hier geht&#8217;s zu Infoblatt und Anmeldung&#8230;<\/a><\/p>","protected":false},"excerpt":{"rendered":"<p>Sie sind herzlich eingeladen zum Workshop &#8222;Leicht und flexibel am Tisch sitzen&#8220; am 20. April 2013 von 11.00 &#8211; 16.00 Uhr im Integrationshaus e.V. &#8211; Bilduga | K\u00f6ln &#8211; Kalk. Mal raus den alten Sitzgewohnheiten, ein Becken sp\u00fcren in dem wir wohnen, einen leichten und klaren Kopf, der beweglich getragen wird, eine mobile drehf\u00e4hige Wirbels\u00e4ule, [&hellip;]<\/p>\n","protected":false},"author":2,"featured_media":0,"comment_status":"open","ping_status":"open","sticky":false,"template":"","format":"standard","meta":{"footnotes":""},"categories":[1],"tags":[],"class_list":["post-4143","post","type-post","status-publish","format-standard","hentry","category-allgemein"],"wps_subtitle":"Workshop K\u00f6ln | Leicht und flexibel am Tisch sitzen","_links":{"self":[{"href":"https:\/\/www.gisela-weigand.de\/index.php\/wp-json\/wp\/v2\/posts\/4143","targetHints":{"allow":["GET"]}}],"collection":[{"href":"https:\/\/www.gisela-weigand.de\/index.php\/wp-json\/wp\/v2\/posts"}],"about":[{"href":"https:\/\/www.gisela-weigand.de\/index.php\/wp-json\/wp\/v2\/types\/post"}],"author":[{"embeddable":true,"href":"https:\/\/www.gisela-weigand.de\/index.php\/wp-json\/wp\/v2\/users\/2"}],"replies":[{"embeddable":true,"href":"https:\/\/www.gisela-weigand.de\/index.php\/wp-json\/wp\/v2\/comments?post=4143"}],"version-history":[{"count":30,"href":"https:\/\/www.gisela-weigand.de\/index.php\/wp-json\/wp\/v2\/posts\/4143\/revisions"}],"predecessor-version":[{"id":4150,"href":"https:\/\/www.gisela-weigand.de\/index.php\/wp-json\/wp\/v2\/posts\/4143\/revisions\/4150"}],"wp:attachment":[{"href":"https:\/\/www.gisela-weigand.de\/index.php\/wp-json\/wp\/v2\/media?parent=4143"}],"wp:term":[{"taxonomy":"category","embeddable":true,"href":"https:\/\/www.gisela-weigand.de\/index.php\/wp-json\/wp\/v2\/categories?post=4143"},{"taxonomy":"post_tag","embeddable":true,"href":"https:\/\/www.gisela-weigand.de\/index.php\/wp-json\/wp\/v2\/tags?post=4143"}],"curies":[{"name":"wp","href":"https:\/\/api.w.org\/{rel}","templated":true}]}}