{"id":3825,"date":"2012-11-26T13:10:28","date_gmt":"2012-11-26T12:10:28","guid":{"rendered":"http:\/\/www.gisela-weigand.de\/?p=3825"},"modified":"2012-11-26T23:19:25","modified_gmt":"2012-11-26T22:19:25","slug":"senioren-und-gesundheitsmesse-overath","status":"publish","type":"post","link":"https:\/\/www.gisela-weigand.de\/index.php\/allgemein\/senioren-und-gesundheitsmesse-overath\/","title":{"rendered":"Senioren- und Gesundheitsmesse Overath"},"content":{"rendered":"<div id=\"attachment_3950\" style=\"width: 430px\" class=\"wp-caption alignnone\"><img loading=\"lazy\" decoding=\"async\" aria-describedby=\"caption-attachment-3950\" class=\"size-full wp-image-3950  \" title=\"Studio f\u00fcr Feldenkrais und Stimme - Gisela Weigand - Gesundheitsmesse Overath 2012\" src=\"https:\/\/www.gisela-weigand.de\/wp-content\/uploads\/2012\/10\/Studio-f\u00fcr-Feldenkrais-und-Stimme-Gisela-Weigand-Messe-Overath-2012-2.jpg\" alt=\"Beratung zu Feldenkrais, Stimme und Supervision durch Gisela Weigand auf der Gesundheitsmesse in Overath November 2012\" width=\"420\" height=\"190\" srcset=\"https:\/\/www.gisela-weigand.de\/wp-content\/uploads\/2012\/10\/Studio-f\u00fcr-Feldenkrais-und-Stimme-Gisela-Weigand-Messe-Overath-2012-2.jpg 420w, https:\/\/www.gisela-weigand.de\/wp-content\/uploads\/2012\/10\/Studio-f\u00fcr-Feldenkrais-und-Stimme-Gisela-Weigand-Messe-Overath-2012-2-300x135.jpg 300w\" sizes=\"auto, (max-width: 420px) 100vw, 420px\" \/><p id=\"caption-attachment-3950\" class=\"wp-caption-text\">Studio f\u00fcr Feldenkrais und Stimme - Gisela Weigand - Beratung und Anwendungen auf der Gesundheitsmesse in Overath 2012<\/p><\/div>\n<p>Das Studio f\u00fcr Feldenkrais &amp; Stimme war am Samstag den <strong>24. November 2012<\/strong> von 10.00 &#8211; 16.00 Uhr wieder mit einem <strong>Stand auf der Senioren- und Gesundheitsmesse in Overath<\/strong> vertreten.<br \/>\nDort konnte man sich pers\u00f6nlich \u00fcber das Angebot und die Techniken zu Stimmbildung, K\u00f6rper, Bewegung, Seele und Psyche informieren, beraten lassen und auch in kleinen Einheiten ausprobieren, wie wohlig es sich anf\u00fchlt &#8222;feldenkraisisch&#8220; bewegt zu werden.<\/p>\n<p><a href=\"https:\/\/www.gisela-weigand.de\/wp-content\/uploads\/2012\/10\/Verteilerliste1.doc\">Teilnehmerliste Senioren- und Gesundheitsmesse Overath November 2012<\/a><\/p>\n<p>Veranstaltungsort: Schulzentrum Cyriax\u00a0\u00b7 Perenchiestra\u00dfe \/ Colne Valley-Platz\u00a0\u00b7 51491 Overath<\/p>\n<p><a href=\"http:\/\/www.ksta.de\/overath\/ausstellung-auch-in-fortgeschrittenen-jahren-mobil-sein,15189236,20960000.html\" target=\"_blank\">Beweglichkeit bis ins hohe Alter durch die Feldenkraismethode &#8211; mit Gisela Weigand auf der Senioren-und Gesundheitsmesse in Overath &#8211; K\u00f6lner Stadtanzeiger 26.11.2012<\/a><\/p>","protected":false},"excerpt":{"rendered":"<p>Das Studio f\u00fcr Feldenkrais &amp; Stimme war am Samstag den 24. November 2012 von 10.00 &#8211; 16.00 Uhr wieder mit einem Stand auf der Senioren- und Gesundheitsmesse in Overath vertreten. Dort konnte man sich pers\u00f6nlich \u00fcber das Angebot und die Techniken zu Stimmbildung, K\u00f6rper, Bewegung, Seele und Psyche informieren, beraten lassen und auch in kleinen [&hellip;]<\/p>\n","protected":false},"author":2,"featured_media":0,"comment_status":"open","ping_status":"open","sticky":false,"template":"","format":"standard","meta":{"footnotes":""},"categories":[1],"tags":[],"class_list":["post-3825","post","type-post","status-publish","format-standard","hentry","category-allgemein"],"wps_subtitle":"Senioren- und Gesundheitsmesse Overath","_links":{"self":[{"href":"https:\/\/www.gisela-weigand.de\/index.php\/wp-json\/wp\/v2\/posts\/3825","targetHints":{"allow":["GET"]}}],"collection":[{"href":"https:\/\/www.gisela-weigand.de\/index.php\/wp-json\/wp\/v2\/posts"}],"about":[{"href":"https:\/\/www.gisela-weigand.de\/index.php\/wp-json\/wp\/v2\/types\/post"}],"author":[{"embeddable":true,"href":"https:\/\/www.gisela-weigand.de\/index.php\/wp-json\/wp\/v2\/users\/2"}],"replies":[{"embeddable":true,"href":"https:\/\/www.gisela-weigand.de\/index.php\/wp-json\/wp\/v2\/comments?post=3825"}],"version-history":[{"count":18,"href":"https:\/\/www.gisela-weigand.de\/index.php\/wp-json\/wp\/v2\/posts\/3825\/revisions"}],"predecessor-version":[{"id":3828,"href":"https:\/\/www.gisela-weigand.de\/index.php\/wp-json\/wp\/v2\/posts\/3825\/revisions\/3828"}],"wp:attachment":[{"href":"https:\/\/www.gisela-weigand.de\/index.php\/wp-json\/wp\/v2\/media?parent=3825"}],"wp:term":[{"taxonomy":"category","embeddable":true,"href":"https:\/\/www.gisela-weigand.de\/index.php\/wp-json\/wp\/v2\/categories?post=3825"},{"taxonomy":"post_tag","embeddable":true,"href":"https:\/\/www.gisela-weigand.de\/index.php\/wp-json\/wp\/v2\/tags?post=3825"}],"curies":[{"name":"wp","href":"https:\/\/api.w.org\/{rel}","templated":true}]}}