{"id":3551,"date":"2012-06-20T11:34:47","date_gmt":"2012-06-20T09:34:47","guid":{"rendered":"http:\/\/www.gisela-weigand.de\/?p=3551"},"modified":"2012-06-20T12:12:11","modified_gmt":"2012-06-20T10:12:11","slug":"workshopfeldenkrais-und-stimmentwicklung","status":"publish","type":"post","link":"https:\/\/www.gisela-weigand.de\/index.php\/allgemein\/workshopfeldenkrais-und-stimmentwicklung\/","title":{"rendered":"Workshop:Feldenkrais und Stimmentwicklung 23. Juni 2012"},"content":{"rendered":"<p>Workshop:\u00a0 Feldenkrais und Stimmentwicklung<\/p>\n<p>Am Samstag, den <strong>23. Juni 2012<\/strong> findet in der <strong>Melanchthon-Akademie in K\u00f6ln<\/strong> ein Workshop zum Thema &#8222;Stimmentwicklung, Atem und Aufrichtung&#8220; statt von <strong>10-16 Uhr<\/strong>. Mitzubringen sind eine pers\u00f6nliche Decke und einige Handt\u00fccher faltbar unter den Kopf.<br \/>\nMatten sind vorhanden. Fragen dazu richten Sie bitte an das Studio f\u00fcr Feldenkrais &amp; Stimme. Informationen finden sie auch unter<br \/>\n<a href=\"https:\/\/www.gisela-weigand.de\/index.php\/angebot\/workshops\/koln\/\" target=\"_self\">Angebot | Workshops K\u00f6ln<\/a>.<\/p>\n<p>Auch kurzfristige Anmeldung ist noch m\u00f6glich!<\/p>\n<p><a href=\"https:\/\/www.melanchthon-akademie.de\/programm\/8\/gesundheit-und-bewegung\/10090\/fuee-atem-aufrichtung-feldenkrais-und-stimmentwicklung\/buchen\/\" target=\"_blank\">Buchung online<\/a><\/p>\n<p>Dieser Workshop ist f\u00fcr Menschen mit geringem Einkommen erm\u00e4\u00dfigt.<br \/>\n<a href=\"mailto:anmeldung@melanchthon-akademie.de\">anmeldung@melanchthon-akademie.de<\/a> | fon 0221.931803-0<\/p>","protected":false},"excerpt":{"rendered":"<p>Workshop:\u00a0 Feldenkrais und Stimmentwicklung Am Samstag, den 23. Juni 2012 findet in der Melanchthon-Akademie in K\u00f6ln ein Workshop zum Thema &#8222;Stimmentwicklung, Atem und Aufrichtung&#8220; statt von 10-16 Uhr. Mitzubringen sind eine pers\u00f6nliche Decke und einige Handt\u00fccher faltbar unter den Kopf. Matten sind vorhanden. Fragen dazu richten Sie bitte an das Studio f\u00fcr Feldenkrais &amp; Stimme. [&hellip;]<\/p>\n","protected":false},"author":2,"featured_media":0,"comment_status":"open","ping_status":"open","sticky":false,"template":"","format":"standard","meta":{"footnotes":""},"categories":[1],"tags":[],"class_list":["post-3551","post","type-post","status-publish","format-standard","hentry","category-allgemein"],"wps_subtitle":"F\u00fc\u00dfe - Atem - Aufrichtung","_links":{"self":[{"href":"https:\/\/www.gisela-weigand.de\/index.php\/wp-json\/wp\/v2\/posts\/3551","targetHints":{"allow":["GET"]}}],"collection":[{"href":"https:\/\/www.gisela-weigand.de\/index.php\/wp-json\/wp\/v2\/posts"}],"about":[{"href":"https:\/\/www.gisela-weigand.de\/index.php\/wp-json\/wp\/v2\/types\/post"}],"author":[{"embeddable":true,"href":"https:\/\/www.gisela-weigand.de\/index.php\/wp-json\/wp\/v2\/users\/2"}],"replies":[{"embeddable":true,"href":"https:\/\/www.gisela-weigand.de\/index.php\/wp-json\/wp\/v2\/comments?post=3551"}],"version-history":[{"count":12,"href":"https:\/\/www.gisela-weigand.de\/index.php\/wp-json\/wp\/v2\/posts\/3551\/revisions"}],"predecessor-version":[{"id":3553,"href":"https:\/\/www.gisela-weigand.de\/index.php\/wp-json\/wp\/v2\/posts\/3551\/revisions\/3553"}],"wp:attachment":[{"href":"https:\/\/www.gisela-weigand.de\/index.php\/wp-json\/wp\/v2\/media?parent=3551"}],"wp:term":[{"taxonomy":"category","embeddable":true,"href":"https:\/\/www.gisela-weigand.de\/index.php\/wp-json\/wp\/v2\/categories?post=3551"},{"taxonomy":"post_tag","embeddable":true,"href":"https:\/\/www.gisela-weigand.de\/index.php\/wp-json\/wp\/v2\/tags?post=3551"}],"curies":[{"name":"wp","href":"https:\/\/api.w.org\/{rel}","templated":true}]}}